{"id":6537,"date":"2025-09-04T17:53:07","date_gmt":"2025-09-04T17:53:07","guid":{"rendered":"https:\/\/auriscollection.belo.digital\/non-classe\/degustation-de-vins-portugais-a-bonhams-geneve\/"},"modified":"2026-04-20T16:53:16","modified_gmt":"2026-04-20T16:53:16","slug":"degustation-de-vins-portugais-a-bonhams-geneve","status":"publish","type":"post","link":"https:\/\/auriscollection.belo.digital\/fr\/evenements\/degustation-de-vins-portugais-a-bonhams-geneve\/","title":{"rendered":"D\u00e9gustation de vins portugais \u00e0 Bonhams Gen\u00e8ve"},"content":{"rendered":"\n<div style=\"height:25px\" aria-hidden=\"true\" class=\"wp-block-spacer\"><\/div>\n\n<p class=\"has-text-color has-link-color wp-elements-1 wp-block-paragraph\" style=\"color:#8f1012\"><strong>Date<\/strong><\/p>\n\n<p class=\"wp-block-paragraph\">4 septembre 2025<\/p>\n\n<div style=\"height:25px\" aria-hidden=\"true\" class=\"wp-block-spacer\"><\/div>\n\n<p class=\"has-text-color has-link-color wp-elements-2 wp-block-paragraph\" style=\"color:#8f1012\"><strong>Localisation<\/strong><\/p>\n\n<p class=\"wp-block-paragraph\">Bonhams<\/p>\n\n<p class=\"wp-block-paragraph\">10 Rue \u00c9tienne Dumont, 1204 Gen\u00e8ve, Suisse<\/p>\n\n<div style=\"height:25px\" aria-hidden=\"true\" class=\"wp-block-spacer\"><\/div>\n\n<p class=\"has-text-color has-link-color wp-elements-3 wp-block-paragraph\" style=\"color:#8f1012\"><strong>Ev\u00e9nements<\/strong><\/p>\n\n<p class=\"wp-block-paragraph\">D\u00e9gustation de vins portugais \u00e0 Bonhams Gen\u00e8ve<\/p>\n\n<div style=\"height:25px\" aria-hidden=\"true\" class=\"wp-block-spacer\"><\/div>\n\n<p class=\"has-text-color has-link-color wp-elements-4 wp-block-paragraph\" style=\"color:#8f1012\"><strong>Producteurs<\/strong><\/p>\n\n<p class=\"wp-block-paragraph\">Casa da Passarella (D\u00e3o) &#8211; Pinhal da Torre (Tejo) &#8211; Auris Collection (T\u00e1vora)<\/p>\n\n<div style=\"height:25px\" aria-hidden=\"true\" class=\"wp-block-spacer\"><\/div>\n\n<p class=\"has-text-color has-link-color wp-elements-5 wp-block-paragraph\" style=\"color:#8f1012\"><strong>Description<\/strong><\/p>\n\n<p class=\"wp-block-paragraph\">Prestigieuse d\u00e9gustation de vins \u00e0 Gen\u00e8ve, pr\u00e9sentant des vins portugais exceptionnels en pr\u00e9sence de vignerons et producteurs renomm\u00e9s des r\u00e9gions de D\u00e3o, Tejo et T\u00e1vora.<\/p>\n\n<p class=\"wp-block-paragraph\">Une soir\u00e9e d\u00e9di\u00e9e aux vins portugais haut de gamme, en pr\u00e9sence de producteurs et de vignerons, \u00e0 savoir M. Nelson Coelho, repr\u00e9sentant de Casa da Passarella (D\u00e3o), le vigneron M. Paulo Saturnino Cunha, repr\u00e9sentant du Domaine Pinhal da Torre (Tejo), ainsi que M. Coutinho Rebelo, pr\u00e9sident d&rsquo;Auris (T\u00e1vora), offrant aux invit\u00e9s une occasion unique de d\u00e9couvrir des terroirs remarquables et des mill\u00e9simes d&rsquo;exception.   <\/p>\n\n<p class=\"wp-block-paragraph\"><\/p>\n\n<div style=\"height:25px\" aria-hidden=\"true\" class=\"wp-block-spacer\"><\/div>\n\n<figure class=\"wp-block-video\"><video height=\"480\" style=\"aspect-ratio: 848 \/ 480;\" width=\"848\" controls=\"\" src=\"https:\/\/auriscollection.belo.digital\/wp-content\/uploads\/2026\/03\/Evento-2.mp4\"><\/video><\/figure>\n","protected":false},"excerpt":{"rendered":"<p>4 septembre 2025<\/p>\n","protected":false},"author":1,"featured_media":6539,"comment_status":"closed","ping_status":"open","sticky":false,"template":"","format":"standard","meta":{"footnotes":""},"categories":[549],"tags":[],"class_list":["post-6537","post","type-post","status-publish","format-standard","has-post-thumbnail","hentry","category-evenements"],"_links":{"self":[{"href":"https:\/\/auriscollection.belo.digital\/fr\/wp-json\/wp\/v2\/posts\/6537","targetHints":{"allow":["GET"]}}],"collection":[{"href":"https:\/\/auriscollection.belo.digital\/fr\/wp-json\/wp\/v2\/posts"}],"about":[{"href":"https:\/\/auriscollection.belo.digital\/fr\/wp-json\/wp\/v2\/types\/post"}],"author":[{"embeddable":true,"href":"https:\/\/auriscollection.belo.digital\/fr\/wp-json\/wp\/v2\/users\/1"}],"replies":[{"embeddable":true,"href":"https:\/\/auriscollection.belo.digital\/fr\/wp-json\/wp\/v2\/comments?post=6537"}],"version-history":[{"count":1,"href":"https:\/\/auriscollection.belo.digital\/fr\/wp-json\/wp\/v2\/posts\/6537\/revisions"}],"predecessor-version":[{"id":6540,"href":"https:\/\/auriscollection.belo.digital\/fr\/wp-json\/wp\/v2\/posts\/6537\/revisions\/6540"}],"wp:featuredmedia":[{"embeddable":true,"href":"https:\/\/auriscollection.belo.digital\/fr\/wp-json\/wp\/v2\/media\/6539"}],"wp:attachment":[{"href":"https:\/\/auriscollection.belo.digital\/fr\/wp-json\/wp\/v2\/media?parent=6537"}],"wp:term":[{"taxonomy":"category","embeddable":true,"href":"https:\/\/auriscollection.belo.digital\/fr\/wp-json\/wp\/v2\/categories?post=6537"},{"taxonomy":"post_tag","embeddable":true,"href":"https:\/\/auriscollection.belo.digital\/fr\/wp-json\/wp\/v2\/tags?post=6537"}],"curies":[{"name":"wp","href":"https:\/\/api.w.org\/{rel}","templated":true}]}}